{"id":13034,"date":"2023-08-15T15:52:30","date_gmt":"2023-08-15T13:52:30","guid":{"rendered":"https:\/\/hotel-am-sophienpark.de\/?p=13034"},"modified":"2023-09-11T15:14:14","modified_gmt":"2023-09-11T13:14:14","slug":"late-summer","status":"publish","type":"post","link":"https:\/\/hotel-am-sophienpark.de\/en\/2023\/08\/15\/late-summer\/","title":{"rendered":"Our top recommendations for september"},"content":{"rendered":"<div id='av_section_1'  class='avia-section av-etk36le-bfa334b94a3e1a75627b1735905693fd main_color avia-section-default avia-no-border-styling  avia-builder-el-0  el_before_av_section  avia-builder-el-first  avia-bg-style-scroll container_wrap fullsize'  ><div class='container av-section-cont-open' ><main  role=\"main\" itemprop=\"mainContentOfPage\"  class='template-page content  av-content-full alpha units'><div class='post-entry post-entry-type-page post-entry-13034'><div class='entry-content-wrapper clearfix'>\n\n<style type=\"text\/css\" data-created_by=\"avia_inline_auto\" id=\"style-css-av-liu2kbcs-0ae2d9c1388f06ef9f6748a60f6a81b0\">\n.avia-image-container.av-liu2kbcs-0ae2d9c1388f06ef9f6748a60f6a81b0 img.avia_image{\nbox-shadow:none;\n}\n.avia-image-container.av-liu2kbcs-0ae2d9c1388f06ef9f6748a60f6a81b0 .av-image-caption-overlay-center{\ncolor:#ffffff;\n}\n<\/style>\n<div  class='avia-image-container av-liu2kbcs-0ae2d9c1388f06ef9f6748a60f6a81b0 av-styling- avia-align-center  avia-builder-el-1  avia-builder-el-no-sibling'   itemprop=\"image\" itemscope=\"itemscope\" itemtype=\"https:\/\/schema.org\/ImageObject\" ><div class=\"avia-image-container-inner\"><div class=\"avia-image-overlay-wrap\"><img decoding=\"async\" class='wp-image-13014 avia-img-lazy-loading-not-13014 avia_image' src=\"https:\/\/hotel-am-sophienpark.de\/wp-content\/uploads\/2023\/08\/Festspielhaus-Baden-Baden_c-ChristianGrund-4-845x684.jpg\" alt='Das Festspielhaus Baden-Baden beginnt den herbst mit dem New Pop Festival und dem tanzfestival von John Neumeier' title='Festspielhaus Baden-Baden_c ChristianGrund (4)'  height=\"684\" width=\"845\"  itemprop=\"thumbnailUrl\" srcset=\"https:\/\/hotel-am-sophienpark.de\/wp-content\/uploads\/2023\/08\/Festspielhaus-Baden-Baden_c-ChristianGrund-4-845x684.jpg 845w,  https:\/\/hotel-am-sophienpark.de\/wp-content\/uploads\/2023\/08\/Festspielhaus-Baden-Baden_c-ChristianGrund-4-495x400.jpg 495w\" sizes=\"(max-width: 845px) 100vw, 845px\" \/><\/div><\/div><\/div>\n\n<\/div><\/div><\/main><!-- close content main element --><\/div><\/div><div id='av_section_2'  class='avia-section av-31c335u-ee1cfda408ddbf860f99d6c50301862f main_color avia-section-default avia-no-border-styling  avia-builder-el-2  el_after_av_section  el_before_av_section  avia-bg-style-scroll container_wrap fullsize'  ><div class='container av-section-cont-open' ><div class='template-page content  av-content-full alpha units'><div class='post-entry post-entry-type-page post-entry-13034'><div class='entry-content-wrapper clearfix'>\n\n<style type=\"text\/css\" data-created_by=\"avia_inline_auto\" id=\"style-css-av-2m2fphe-3c11c72212e3e0f12ff7ad015e2a7d0f\">\n#top .hr.hr-invisible.av-2m2fphe-3c11c72212e3e0f12ff7ad015e2a7d0f{\nheight:5px;\n}\n<\/style>\n<div  class='hr av-2m2fphe-3c11c72212e3e0f12ff7ad015e2a7d0f hr-invisible  avia-builder-el-3  el_before_av_one_fifth  avia-builder-el-first'><span class='hr-inner'><span class=\"hr-inner-style\"><\/span><\/span><\/div>\n<div  class='flex_column av-29qemiq-3be336e5cc46241806f8ff79abceffec av_one_fifth  avia-builder-el-4  el_after_av_hr  el_before_av_three_fifth  first flex_column_div'     ><\/div><div  class='flex_column av-tzs0os-593187930bed43c5e09622f140e3cc14 av_three_fifth  avia-builder-el-5  el_after_av_one_fifth  el_before_av_one_fifth  flex_column_div'     ><style type=\"text\/css\" data-created_by=\"avia_inline_auto\" id=\"style-css-av-ll3skrqy-b6a42299db3e2b053a30ad2252b75a0f\">\n#top .av-special-heading.av-ll3skrqy-b6a42299db3e2b053a30ad2252b75a0f{\npadding-bottom:0;\nfont-size:40px;\n}\nbody .av-special-heading.av-ll3skrqy-b6a42299db3e2b053a30ad2252b75a0f .av-special-heading-tag .heading-char{\nfont-size:25px;\n}\n#top #wrap_all .av-special-heading.av-ll3skrqy-b6a42299db3e2b053a30ad2252b75a0f .av-special-heading-tag{\nfont-size:40px;\n}\n.av-special-heading.av-ll3skrqy-b6a42299db3e2b053a30ad2252b75a0f .av-subheading{\nfont-size:15px;\n}\n\n@media only screen and (min-width: 768px) and (max-width: 989px){ \n#top #wrap_all .av-special-heading.av-ll3skrqy-b6a42299db3e2b053a30ad2252b75a0f .av-special-heading-tag{\nfont-size:40px;\n}\n}\n\n@media only screen and (min-width: 480px) and (max-width: 767px){ \n#top #wrap_all .av-special-heading.av-ll3skrqy-b6a42299db3e2b053a30ad2252b75a0f .av-special-heading-tag{\nfont-size:30px;\n}\n}\n\n@media only screen and (max-width: 479px){ \n#top #wrap_all .av-special-heading.av-ll3skrqy-b6a42299db3e2b053a30ad2252b75a0f .av-special-heading-tag{\nfont-size:30px;\n}\n}\n<\/style>\n<div  class='av-special-heading av-ll3skrqy-b6a42299db3e2b053a30ad2252b75a0f av-special-heading-h1 blockquote modern-quote modern-centered  avia-builder-el-6  avia-builder-el-no-sibling  headline_wasserzeichen_gold av-inherit-size'><h1 class='av-special-heading-tag'  itemprop=\"headline\"  >What to do in late summer?<\/h1><div class='av-subheading av-subheading_below'><p>There is hardly a more beautiful place to extend the summer than Baden-Baden. The weather remains sunny and warm for a long time, the cultural life starts full speed into the new season, the wine is ripening and the Black Forest invites you to incomparable hikes. For the well-being of body and soul one can draw from the full.<\/p>\n<p>We are especially looking forward to the 9th and 10th of September, since Baden-Baden will show its most interesting sides on the event &#8220;Day &amp; Night of the Open Monument&#8221; as a world cultural heritage. We will be taking part and will be offering three guided tours on 10 September.<\/p>\n<\/div><div class=\"special-heading-border\"><div class=\"special-heading-inner-border\"><\/div><\/div><\/div><\/div><div  class='flex_column av-o5qa8y-e8527fbb5291c5a6982c69e47da31599 av_one_fifth  avia-builder-el-7  el_after_av_three_fifth  avia-builder-el-last  flex_column_div'     ><\/div>\n\n<\/div><\/div><\/div><!-- close content main div --><\/div><\/div><div id='av_section_3'  class='avia-section av-cjoicv6-a8003ea0829ecb6c432f1bd8d5455207 main_color avia-section-default avia-no-border-styling  avia-builder-el-8  el_after_av_section  el_before_av_section  avia-bg-style-scroll container_wrap fullsize'  ><div class='container av-section-cont-open' ><div class='template-page content  av-content-full alpha units'><div class='post-entry post-entry-type-page post-entry-13034'><div class='entry-content-wrapper clearfix'>\n<div  class='flex_column av-c5k4beq-8f29a4cd364420a6c1f8380896b1ce85 av_one_half  avia-builder-el-9  el_before_av_one_half  avia-builder-el-first  first flex_column_div'     ><style type=\"text\/css\" data-created_by=\"avia_inline_auto\" id=\"style-css-av-lik5zqat-f2c42924d114bbc8e6d83cb2c2dda2fc\">\n.avia-image-container.av-lik5zqat-f2c42924d114bbc8e6d83cb2c2dda2fc img.avia_image{\nbox-shadow:none;\n}\n.avia-image-container.av-lik5zqat-f2c42924d114bbc8e6d83cb2c2dda2fc .av-image-caption-overlay-center{\ncolor:#ffffff;\n}\n<\/style>\n<div  class='avia-image-container av-lik5zqat-f2c42924d114bbc8e6d83cb2c2dda2fc av-styling- avia-align-center  avia-builder-el-10  avia-builder-el-no-sibling  av-has-copyright av-copyright-always'   itemprop=\"image\" itemscope=\"itemscope\" itemtype=\"https:\/\/schema.org\/ImageObject\" ><div class=\"avia-image-container-inner\"><div class=\"avia-image-overlay-wrap\"><img decoding=\"async\" class='wp-image-13128 avia-img-lazy-loading-not-13128 avia_image' src=\"https:\/\/hotel-am-sophienpark.de\/wp-content\/uploads\/2023\/08\/EK-1-845x684.jpg\" alt='am 24. September k\u00f6nnen Sie bei den Baden-Baden Classics \u00fcber 40 Oldtimer in der Innenstadt bestaunen und gleichzeitig den verkaufsoffenen Sonntag in Baden-Baden genie\u00dfen. Das Hotel am Sophienpark liegt mitten im Zentrum und erm\u00f6glicht Ihnen kurze Wege.' title='BADEN-BADEN CLASSICS'  height=\"684\" width=\"845\"  itemprop=\"thumbnailUrl\" srcset=\"https:\/\/hotel-am-sophienpark.de\/wp-content\/uploads\/2023\/08\/EK-1-845x684.jpg 845w,  https:\/\/hotel-am-sophienpark.de\/wp-content\/uploads\/2023\/08\/EK-1-495x400.jpg 495w\" sizes=\"(max-width: 845px) 100vw, 845px\" \/><\/div><small class=\"avia-copyright\">THOMAS BUCHM\u00dcLLER<\/small><\/div><\/div><\/div>\n<style type=\"text\/css\" data-created_by=\"avia_inline_auto\" id=\"style-css-av-bteips2-2bbb3445ec5d2a629697ff3ceba1719c\">\n.flex_column.av-bteips2-2bbb3445ec5d2a629697ff3ceba1719c{\npadding:15px 15px 15px 15px;\n}\n<\/style>\n<div  class='flex_column av-bteips2-2bbb3445ec5d2a629697ff3ceba1719c av_one_half  avia-builder-el-11  el_after_av_one_half  avia-builder-el-last  flex_column_div'     ><p>\n<style type=\"text\/css\" data-created_by=\"avia_inline_auto\" id=\"style-css-av-lik5g4gj-2e0c0c6de9db846d5bdb274f7471dd56\">\n#top .av-special-heading.av-lik5g4gj-2e0c0c6de9db846d5bdb274f7471dd56{\nmargin:0 0 0 0;\npadding-bottom:0;\n}\nbody .av-special-heading.av-lik5g4gj-2e0c0c6de9db846d5bdb274f7471dd56 .av-special-heading-tag .heading-char{\nfont-size:25px;\n}\n.av-special-heading.av-lik5g4gj-2e0c0c6de9db846d5bdb274f7471dd56 .av-subheading{\nfont-size:40px;\n}\n<\/style>\n<div  class='av-special-heading av-lik5g4gj-2e0c0c6de9db846d5bdb274f7471dd56 av-special-heading-h2 blockquote modern-quote  avia-builder-el-12  el_before_av_textblock  avia-builder-el-first'><h2 class='av-special-heading-tag'  itemprop=\"headline\"  >BADEN-BADEN CLASSICS<\/h2><div class=\"special-heading-border\"><div class=\"special-heading-inner-border\"><\/div><\/div><\/div><br \/>\n<section  class='av_textblock_section av-lik5yzpz-5dd98080c283f125060f37e2cbaf4ae8'   itemscope=\"itemscope\" itemtype=\"https:\/\/schema.org\/BlogPosting\" itemprop=\"blogPost\" ><div class='avia_textblock box_text'  itemprop=\"text\" ><h2>September 24<\/h2>\n<p>At the Baden-Baden Classics you can marvel at more than 40 classic cars in the city center on the so called &#8220;open Sunday&#8221;, when all stores are open. Already in the 1920-ies the &#8220;Baden-Baden Automobile Tournament&#8221; took place here. Today it is called the Concour d`\u00e9legance.<\/p>\n<p>Back then, sporty gentlemen in knickerbockers, sleek caps and aviator glasses posed with their elegant sports cars in front of the Kurhaus. Of course, they also liked to be photographed in front of our hotel, because here was at least at the Batschari Automobile Tournament the finish of the automobile tournament.<\/p>\n<\/div><\/section><\/p><\/div>\n\n<\/div><\/div><\/div><!-- close content main div --><\/div><\/div><div id='av_section_4'  class='avia-section av-2xpn0qk-3b60d888bcd476918aee284c08b3d826 main_color avia-section-default avia-no-border-styling  avia-builder-el-14  el_after_av_section  el_before_av_section  avia-bg-style-scroll container_wrap fullsize'  ><div class='container av-section-cont-open' ><div class='template-page content  av-content-full alpha units'><div class='post-entry post-entry-type-page post-entry-13034'><div class='entry-content-wrapper clearfix'>\n<div  class='flex_column av-2fl881o-22b24a7fdc0c93ec7396d1bdc4a4a324 av_one_half  avia-builder-el-15  el_before_av_one_half  avia-builder-el-first  first flex_column_div'     ><style type=\"text\/css\" data-created_by=\"avia_inline_auto\" id=\"style-css-av-23242zg-e696fece59a0639ce4af314697a1eb03\">\n.avia-image-container.av-23242zg-e696fece59a0639ce4af314697a1eb03 img.avia_image{\nbox-shadow:none;\n}\n.avia-image-container.av-23242zg-e696fece59a0639ce4af314697a1eb03 .av-image-caption-overlay-center{\ncolor:#ffffff;\n}\n<\/style>\n<div  class='avia-image-container av-23242zg-e696fece59a0639ce4af314697a1eb03 av-styling- avia-align-center  avia-builder-el-16  avia-builder-el-no-sibling'   itemprop=\"image\" itemscope=\"itemscope\" itemtype=\"https:\/\/schema.org\/ImageObject\" ><div class=\"avia-image-container-inner\"><div class=\"avia-image-overlay-wrap\"><img decoding=\"async\" class='wp-image-13003 avia-img-lazy-loading-not-13003 avia_image' src=\"https:\/\/hotel-am-sophienpark.de\/wp-content\/uploads\/2023\/08\/CAT-BURNS-New-Pop-2022-845x684.jpg\" alt='Cat Burns trat 2022 beim SWR3 New Pop Festival in Baden-Baden  auf und begeisterte das Publikum wie bereits beim Ed Sheeran Konzert in m\u00fcnchen,' title='CAT BURNS New Pop 2022'  height=\"684\" width=\"845\"  itemprop=\"thumbnailUrl\" srcset=\"https:\/\/hotel-am-sophienpark.de\/wp-content\/uploads\/2023\/08\/CAT-BURNS-New-Pop-2022-845x684.jpg 845w,  https:\/\/hotel-am-sophienpark.de\/wp-content\/uploads\/2023\/08\/CAT-BURNS-New-Pop-2022-495x400.jpg 495w\" sizes=\"(max-width: 845px) 100vw, 845px\" \/><\/div><\/div><\/div><\/div>\n<style type=\"text\/css\" data-created_by=\"avia_inline_auto\" id=\"style-css-av-1sdmcik-0f2083677d603a588f7a8889239af1a0\">\n.flex_column.av-1sdmcik-0f2083677d603a588f7a8889239af1a0{\npadding:15px 15px 15px 15px;\n}\n<\/style>\n<div  class='flex_column av-1sdmcik-0f2083677d603a588f7a8889239af1a0 av_one_half  avia-builder-el-17  el_after_av_one_half  avia-builder-el-last  flex_column_div'     ><p>\n<style type=\"text\/css\" data-created_by=\"avia_inline_auto\" id=\"style-css-av-14wltmk-1c336aadcb1178612357c46c04c3d1b1\">\n#top .av-special-heading.av-14wltmk-1c336aadcb1178612357c46c04c3d1b1{\nmargin:0 0 0 0;\npadding-bottom:0;\n}\nbody .av-special-heading.av-14wltmk-1c336aadcb1178612357c46c04c3d1b1 .av-special-heading-tag .heading-char{\nfont-size:25px;\n}\n.av-special-heading.av-14wltmk-1c336aadcb1178612357c46c04c3d1b1 .av-subheading{\nfont-size:40px;\n}\n<\/style>\n<div  class='av-special-heading av-14wltmk-1c336aadcb1178612357c46c04c3d1b1 av-special-heading-h2 blockquote modern-quote  avia-builder-el-18  el_before_av_textblock  avia-builder-el-first'><h2 class='av-special-heading-tag'  itemprop=\"headline\"  >SWR 3 NEW POP FESTIVAL<\/h2><div class=\"special-heading-border\"><div class=\"special-heading-inner-border\"><\/div><\/div><\/div><br \/>\n<section  class='av_textblock_section av-pxdj18-5708002de3f20c39343d04226a9ab9dc'   itemscope=\"itemscope\" itemtype=\"https:\/\/schema.org\/BlogPosting\" itemprop=\"blogPost\" ><div class='avia_textblock box_text'  itemprop=\"text\" ><h2>September 14 &#8211; 16<\/h2>\n<p>All year long Baden-Baden is looking forward to the New Pop Festival. Many well-known music greats such as Katie Melua or Cat Burns were introduced here as newcomers of pop music and started a steep career. Every year, one of the biggest radio stations proves to have an excellent sense for this.<\/p>\n<p>The short concerts take place in the theater, Kurhaus and Festspielhaus. There is a shuttle to the Festspielhaus. To ensure that everyone can participate in the festival, the concerts will be broadcast on large screens in the Kurpark and on the Fieser Br\u00fccke.<\/p>\n<p><strong>SWR3 New Pop Warm-up on Thursday, 14.09.:<\/strong><\/p>\n<p>Tannenz\u00e4pfle Lounge at Hectors (Kurhaus).<\/p>\n<p><strong>SWR3 New Pop party nights on Friday, 15.09.:<\/strong><\/p>\n<p>Tannenz\u00e4pfle Lounge at Hectors (Kurhaus)<\/p>\n<p>DB Lounge at Leo&#8217;s<\/p>\n<p>Boar Gin Lounge at the Sun-Si-Bar<\/p>\n<p>CUPRA Lounge at the Rizzi<\/p>\n<p>Roomers Baden-Baden<\/p>\n<p>SWR3 New Pop Lounge in the Cafe Bar Trinkhalle<\/p>\n<p><strong>SWR3 New Pop party nights on Saturday, 16.09.:<\/strong><\/p>\n<p>Tannenz\u00e4pfle Lounge at Hectors (Kurhaus)<\/p>\n<p>DB Lounge at Leo&#8217;s<\/p>\n<p>Boar Gin Lounge at Sun-Si-Bar<\/p>\n<p>CUPRA Lounge at the Rizzi<\/p>\n<p>SWR3 New Pop Lounge in the Cafe Bar Trinkhalle<\/p>\n<\/div><\/section><\/p><\/div><\/div><\/div><\/div><!-- close content main div --><\/div><\/div><div id='av_section_5'  class='avia-section av-29vgtdo-a7eaa9e7b4eea694a75b2cbf78b81501 main_color avia-section-default avia-no-border-styling  avia-builder-el-20  el_after_av_section  el_before_av_section  avia-bg-style-scroll container_wrap fullsize'  ><div class='container av-section-cont-open' ><div class='template-page content  av-content-full alpha units'><div class='post-entry post-entry-type-page post-entry-13034'><div class='entry-content-wrapper clearfix'>\n<div  class='flex_column av-1jgtzrw-357875f2a84533c27ac27487e1fd2591 av_one_half  avia-builder-el-21  el_before_av_one_half  avia-builder-el-first  first flex_column_div'     ><style type=\"text\/css\" data-created_by=\"avia_inline_auto\" id=\"style-css-av-1aakuik-ac1008b379e53691d00df96312245ffa\">\n.avia-image-container.av-1aakuik-ac1008b379e53691d00df96312245ffa img.avia_image{\nbox-shadow:none;\n}\n.avia-image-container.av-1aakuik-ac1008b379e53691d00df96312245ffa .av-image-caption-overlay-center{\ncolor:#ffffff;\n}\n<\/style>\n<div  class='avia-image-container av-1aakuik-ac1008b379e53691d00df96312245ffa av-styling- avia-align-center  avia-builder-el-22  avia-builder-el-no-sibling'   itemprop=\"image\" itemscope=\"itemscope\" itemtype=\"https:\/\/schema.org\/ImageObject\" ><div class=\"avia-image-container-inner\"><div class=\"avia-image-overlay-wrap\"><img decoding=\"async\" class='wp-image-13009 avia-img-lazy-loading-not-13009 avia_image' src=\"https:\/\/hotel-am-sophienpark.de\/wp-content\/uploads\/2023\/08\/Dona-Nobis-Pacem\u00a9-Kiran-West-845x684.jpg\" alt='DONA NOBIS PACEM nach der Musik von Brahms ist eine Choreographie von John Neumeier beim Tanzfestival im Festspielhaus Baden-Baden' title='Dona Nobis Pacem\u00a9 Kiran West'  height=\"684\" width=\"845\"  itemprop=\"thumbnailUrl\" srcset=\"https:\/\/hotel-am-sophienpark.de\/wp-content\/uploads\/2023\/08\/Dona-Nobis-Pacem\u00a9-Kiran-West-845x684.jpg 845w,  https:\/\/hotel-am-sophienpark.de\/wp-content\/uploads\/2023\/08\/Dona-Nobis-Pacem\u00a9-Kiran-West-495x400.jpg 495w\" sizes=\"(max-width: 845px) 100vw, 845px\" \/><\/div><\/div><\/div><\/div>\n<style type=\"text\/css\" data-created_by=\"avia_inline_auto\" id=\"style-css-av-30q118-a720d0f6dd442752ecb7c25435906424\">\n.flex_column.av-30q118-a720d0f6dd442752ecb7c25435906424{\npadding:15px 15px 15px 15px;\n}\n<\/style>\n<div  class='flex_column av-30q118-a720d0f6dd442752ecb7c25435906424 av_one_half  avia-builder-el-23  el_after_av_one_half  avia-builder-el-last  flex_column_div'     ><p>\n<style type=\"text\/css\" data-created_by=\"avia_inline_auto\" id=\"style-css-av-ll3ujcgz-2812951f93415aa3b59bb5dd690c5f6f\">\n#top .av-special-heading.av-ll3ujcgz-2812951f93415aa3b59bb5dd690c5f6f{\nmargin:0 0 0 0;\npadding-bottom:0;\n}\nbody .av-special-heading.av-ll3ujcgz-2812951f93415aa3b59bb5dd690c5f6f .av-special-heading-tag .heading-char{\nfont-size:25px;\n}\n.av-special-heading.av-ll3ujcgz-2812951f93415aa3b59bb5dd690c5f6f .av-subheading{\nfont-size:40px;\n}\n<\/style>\n<div  class='av-special-heading av-ll3ujcgz-2812951f93415aa3b59bb5dd690c5f6f av-special-heading-h2 blockquote modern-quote  avia-builder-el-24  el_before_av_textblock  avia-builder-el-first'><h2 class='av-special-heading-tag'  itemprop=\"headline\"  >THE WORLD OF JOHN NEUMEIER<\/h2><div class=\"special-heading-border\"><div class=\"special-heading-inner-border\"><\/div><\/div><\/div><br \/>\n<section  class='av_textblock_section av-ll3vocfl-1fd07ec2c68d176f8ae1438357ba4619'   itemscope=\"itemscope\" itemtype=\"https:\/\/schema.org\/BlogPosting\" itemprop=\"blogPost\" ><div class='avia_textblock box_text'  itemprop=\"text\" ><h2 class=\"c-heading__overline is-typo-h2\">29.9. &#8211; 10.10.2023<\/h2>\n<p>Can there be a more beautiful transition into autumn than with John Neumeier&#8217;s Hamburg Ballet Ensemble? The dance festival took place for the first time in 2022 and thrilled the audience in different locations.<\/p>\n<p>The festival kicks off on 29.09.\/30.09.\/1.10. with DONA VOBIS PACEM with the music of Johann Sebastian Bach. On Sept. 30, Neumeier will let the popular Ballet Workshop take the stage and explain his stage pieces and plans with many danced details. The charismatic artist knows how to captivate his fan base with this event, which has long since become a cult. On Sunday you can experience him live in conversation.<\/p>\n<p>On October 7 and 8, Kammerballetten will give a guest performance at the Theater Baden-Baden. Kammerballetten works with the most important international dancers and choreographers and combines the intimacy of classical chamber music with the topicality of modern ballets.<\/p>\n<p>At the Kurhaus on Oct. 3, experience the Bundesjugendballett with &#8220;BJB Songbook &#8211; What We Call Growing Up.&#8221; A colorful dance collage of pop songs of various musical styles by Imogen Heap, Joni Mitchell, Leonard Cohen, Tracy Chapman and others.<\/p>\n<p>On Oct. 6-7-8, the traditional piece &#8220;Sleeping Beauty&#8221; by Tchaikovsky in Petipa&#8217;s original choreography will pull the story into the present, but retain its detached dreamy style.<\/p>\n<p>8.10. Social Dance Project &#8211; the artists go to students and then show their joint work in the Festspielhaus.<\/p>\n<p>9.10. With &#8220;Absprung III&#8221; John Neumeier presents his ballet school and leads through the evening. An important part of the training: Learning the choreographic tools of the trade. Students will present their work, some of which has already won awards.<\/p>\n<\/div><\/section><\/p><\/div>\n<\/p>\n<\/div><\/div><\/div><!-- close content main div --><\/div><\/div><div id='av_section_6'  class='avia-section av-21qyjvg-fa4ad138f26bfaca403a92c417a89a19 main_color avia-section-default avia-no-border-styling  avia-builder-el-26  el_after_av_section  el_before_av_section  avia-bg-style-scroll container_wrap fullsize'  ><div class='container av-section-cont-open' ><div class='template-page content  av-content-full alpha units'><div class='post-entry post-entry-type-page post-entry-13034'><div class='entry-content-wrapper clearfix'>\n<div  class='flex_column av-1pf86po-a7887a6e5800492709f3790285708b63 av_one_half  avia-builder-el-27  el_before_av_one_half  avia-builder-el-first  first flex_column_div'     ><style type=\"text\/css\" data-created_by=\"avia_inline_auto\" id=\"style-css-av-1agy6os-d72f18b5d2a2c483f7f50a9f06a0e1af\">\n.avia-image-container.av-1agy6os-d72f18b5d2a2c483f7f50a9f06a0e1af img.avia_image{\nbox-shadow:none;\n}\n.avia-image-container.av-1agy6os-d72f18b5d2a2c483f7f50a9f06a0e1af .av-image-caption-overlay-center{\ncolor:#ffffff;\n}\n<\/style>\n<div  class='avia-image-container av-1agy6os-d72f18b5d2a2c483f7f50a9f06a0e1af av-styling- avia-align-center  avia-builder-el-28  avia-builder-el-no-sibling'   itemprop=\"image\" itemscope=\"itemscope\" itemtype=\"https:\/\/schema.org\/ImageObject\" ><div class=\"avia-image-container-inner\"><div class=\"avia-image-overlay-wrap\"><img decoding=\"async\" class='wp-image-13025 avia-img-lazy-loading-not-13025 avia_image' src=\"https:\/\/hotel-am-sophienpark.de\/wp-content\/uploads\/2023\/08\/Herbst-Merkur-lili-kovac-unsplash-845x684.jpg\" alt='Der Herbst l\u00e4sst sich im Schwarzwald und Reblnd bei Wanderungen, Weinproben und gutem Essen genie\u00dfen' title='Herbst Merkur lili-kovac-unsplash'  height=\"684\" width=\"845\"  itemprop=\"thumbnailUrl\" srcset=\"https:\/\/hotel-am-sophienpark.de\/wp-content\/uploads\/2023\/08\/Herbst-Merkur-lili-kovac-unsplash-845x684.jpg 845w,  https:\/\/hotel-am-sophienpark.de\/wp-content\/uploads\/2023\/08\/Herbst-Merkur-lili-kovac-unsplash-495x400.jpg 495w\" sizes=\"(max-width: 845px) 100vw, 845px\" \/><\/div><\/div><\/div><\/div>\n<style type=\"text\/css\" data-created_by=\"avia_inline_auto\" id=\"style-css-av-m7h530-3b9c371aecaf0458d6f91bd908059715\">\n.flex_column.av-m7h530-3b9c371aecaf0458d6f91bd908059715{\npadding:15px 15px 15px 15px;\n}\n<\/style>\n<div  class='flex_column av-m7h530-3b9c371aecaf0458d6f91bd908059715 av_one_half  avia-builder-el-29  el_after_av_one_half  avia-builder-el-last  flex_column_div'     ><p>\n<style type=\"text\/css\" data-created_by=\"avia_inline_auto\" id=\"style-css-av-ll52f6vw-d9946f0f5954e062e95d8c5cea6b00b7\">\n#top .av-special-heading.av-ll52f6vw-d9946f0f5954e062e95d8c5cea6b00b7{\nmargin:0 0 0 0;\npadding-bottom:0;\n}\nbody .av-special-heading.av-ll52f6vw-d9946f0f5954e062e95d8c5cea6b00b7 .av-special-heading-tag .heading-char{\nfont-size:25px;\n}\n.av-special-heading.av-ll52f6vw-d9946f0f5954e062e95d8c5cea6b00b7 .av-subheading{\nfont-size:40px;\n}\n<\/style>\n<div  class='av-special-heading av-ll52f6vw-d9946f0f5954e062e95d8c5cea6b00b7 av-special-heading-h2 blockquote modern-quote  avia-builder-el-30  el_before_av_textblock  avia-builder-el-first'><h2 class='av-special-heading-tag'  itemprop=\"headline\"  >WINE, WINEMAKERS <span class='special_amp'>&amp;<\/span> SCENIC HIKES<\/h2><div class=\"special-heading-border\"><div class=\"special-heading-inner-border\"><\/div><\/div><\/div><br \/>\n<section  class='av_textblock_section av-ll547x3j-ba7e27cada1ad0cbb78a1566618da71d'   itemscope=\"itemscope\" itemtype=\"https:\/\/schema.org\/BlogPosting\" itemprop=\"blogPost\" ><div class='avia_textblock box_text'  itemprop=\"text\" ><p>Autumn is very enjoyable in the Black Forest and the surrounding wine-growing areas while hiking, wine tasting and eating good food. The vineyards of Varnhalt, Neuweier, Umweg and Eisental are directly adjacent to Baden-Baden. The half-timbered houses are picturesquely situated on the sunny slopes, so the drive through the winegrowing villages alone is worthwhile.<\/p>\n<p>Here you can take a relaxed walk along the slopes or climb up to the defiant Yburg. In any case, many very excellent inns with delicious Baden cuisine and the right wines entice you to take a leisurely break. &#8220;Ein Viertele schlotzen&#8221; is what we say here when you let the typical Riesling, Sp\u00e4t- Wei\u00df- and Grauburgunder run down your throat with pleasure. The wines of the third largest growing region in Germany are on a quality level with Champagne, Alsace and the Loire.<\/p>\n<p>Please find all restaurants under this <a href=\"https:\/\/www.baden-baden.com\/en\/wine-region-rebland\/restaurants-in-the-rebland\">link<\/a><\/p>\n<\/div><\/section><\/p><\/div>\n\n<\/div><\/div><\/div><!-- close content main div --><\/div><\/div><div id='av_section_7'  class='avia-section av-31x3p4a-c51feb23805a7dca346196d3f1a97ab4 main_color avia-section-default avia-no-border-styling  avia-builder-el-32  el_after_av_section  el_before_av_section  avia-bg-style-scroll container_wrap fullsize'  ><div class='container av-section-cont-open' ><div class='template-page content  av-content-full alpha units'><div class='post-entry post-entry-type-page post-entry-13034'><div class='entry-content-wrapper clearfix'>\n<div  class='flex_column av-2lez8ju-7bae61df765f1030be22acb3b7c4f7a4 av_one_half  avia-builder-el-33  el_before_av_one_half  avia-builder-el-first  first flex_column_div'     ><style type=\"text\/css\" data-created_by=\"avia_inline_auto\" id=\"style-css-av-1xabsy2-c38ca5a08464db4a9d7e3c626cd9b8d2\">\n.avia-image-container.av-1xabsy2-c38ca5a08464db4a9d7e3c626cd9b8d2 img.avia_image{\nbox-shadow:none;\n}\n.avia-image-container.av-1xabsy2-c38ca5a08464db4a9d7e3c626cd9b8d2 .av-image-caption-overlay-center{\ncolor:#ffffff;\n}\n<\/style>\n<div  class='avia-image-container av-1xabsy2-c38ca5a08464db4a9d7e3c626cd9b8d2 av-styling- avia-align-center  avia-builder-el-34  avia-builder-el-no-sibling  av-has-copyright av-copyright-always'   itemprop=\"image\" itemscope=\"itemscope\" itemtype=\"https:\/\/schema.org\/ImageObject\" ><div class=\"avia-image-container-inner\"><div class=\"avia-image-overlay-wrap\"><img decoding=\"async\" class='wp-image-10676 avia-img-lazy-loading-not-10676 avia_image' src=\"https:\/\/hotel-am-sophienpark.de\/wp-content\/uploads\/2023\/02\/Glaskuppel-Hotel-am-Sophienpark-Baden-Baden_LoResHD-1.920px-845x684.jpg\" alt='Hotel in Baden-Baden | Hotel am Sophienpark' title='Decorative glass dome of the staircase of the hotel'  height=\"684\" width=\"845\"  itemprop=\"thumbnailUrl\" srcset=\"https:\/\/hotel-am-sophienpark.de\/wp-content\/uploads\/2023\/02\/Glaskuppel-Hotel-am-Sophienpark-Baden-Baden_LoResHD-1.920px-845x684.jpg 845w,  https:\/\/hotel-am-sophienpark.de\/wp-content\/uploads\/2023\/02\/Glaskuppel-Hotel-am-Sophienpark-Baden-Baden_LoResHD-1.920px-495x400.jpg 495w\" sizes=\"(max-width: 845px) 100vw, 845px\" \/><\/div><small class=\"avia-copyright\">Soenne Architekturfotograf<\/small><\/div><\/div><\/div>\n<style type=\"text\/css\" data-created_by=\"avia_inline_auto\" id=\"style-css-av-1jan362-9879d500ae31455f4761481f34e00cac\">\n.flex_column.av-1jan362-9879d500ae31455f4761481f34e00cac{\npadding:15px 15px 15px 15px;\n}\n<\/style>\n<div  class='flex_column av-1jan362-9879d500ae31455f4761481f34e00cac av_one_half  avia-builder-el-35  el_after_av_one_half  avia-builder-el-last  flex_column_div'     ><p>\n<style type=\"text\/css\" data-created_by=\"avia_inline_auto\" id=\"style-css-av-4vvq5m-a8003270521426fe785e62f2c875d685\">\n#top .av-special-heading.av-4vvq5m-a8003270521426fe785e62f2c875d685{\nmargin:0 0 0 0;\npadding-bottom:0;\n}\nbody .av-special-heading.av-4vvq5m-a8003270521426fe785e62f2c875d685 .av-special-heading-tag .heading-char{\nfont-size:25px;\n}\n.av-special-heading.av-4vvq5m-a8003270521426fe785e62f2c875d685 .av-subheading{\nfont-size:40px;\n}\n<\/style>\n<div  class='av-special-heading av-4vvq5m-a8003270521426fe785e62f2c875d685 av-special-heading-h2 blockquote modern-quote  avia-builder-el-36  el_before_av_textblock  avia-builder-el-first'><h2 class='av-special-heading-tag'  itemprop=\"headline\"  >DAY <span class='special_amp'>&amp;<\/span> NIGHT OF OPEN MONUMENTS<\/h2><div class=\"special-heading-border\"><div class=\"special-heading-inner-border\"><\/div><\/div><\/div><br \/>\n<section  class='av_textblock_section av-jgem3u-6ba1eff70494e1e876db2577944bc216'   itemscope=\"itemscope\" itemtype=\"https:\/\/schema.org\/BlogPosting\" itemprop=\"blogPost\" ><div class='avia_textblock box_text'  itemprop=\"text\" ><h2>September 9\/10<\/h2>\n<p>Under the motto &#8220;Talent Monument,&#8221; Open Monument Day 2023 sets the stage for all monument talents. What exactly makes a building a monument? Since 2021, Baden-Baden has been part of the Great Spas of Europe as a UNESCO World Heritage Site. An important criterion for this distinction is well-preserved spa architecture.<\/p>\n<p>Our hotel was developed into a grand hotel as H\u00f4tel Holland in 1840 and expanded to about 200 rooms at the end of the 19th century. Thus the hotel was an essential part of the spa town life.<\/p>\n<p>On Sunday, 10.09. we offer a house tour for max. 8 persons at 15:00, 15:40 and 16:20. Please register at e.kaiser@hotel-am-sophienpark.de. The entire program will be published in a few days.<\/p>\n<p><a href=\"https:\/\/hotel-am-sophienpark.de\/wp-content\/uploads\/2023\/09\/flyerntdod_englisch.pdf\">Program open Monument Day &amp; Night<\/a><\/p>\n<\/div><\/section><\/p><\/div>\n\n<\/div><\/div><\/div><!-- close content main div --><\/div><\/div><div id='av_section_8'  class='avia-section av-2y2bjx8-0b9a40ffdc3ba451d2e0e93f2ee73111 main_color avia-section-default avia-no-border-styling  avia-builder-el-38  el_after_av_section  el_before_av_section  avia-bg-style-scroll container_wrap fullsize'  ><div class='container av-section-cont-open' ><div class='template-page content  av-content-full alpha units'><div class='post-entry post-entry-type-page post-entry-13034'><div class='entry-content-wrapper clearfix'>\n<div  class='flex_column av-2myiz7g-ee0f10187c6980e905cc8ab00b11f67f av_one_half  avia-builder-el-39  el_before_av_one_half  avia-builder-el-first  first flex_column_div'     ><style type=\"text\/css\" data-created_by=\"avia_inline_auto\" id=\"style-css-av-21nmivw-f6202d0b92d2ac498d1d9f3ddc33991a\">\n.avia-image-container.av-21nmivw-f6202d0b92d2ac498d1d9f3ddc33991a img.avia_image{\nbox-shadow:none;\n}\n.avia-image-container.av-21nmivw-f6202d0b92d2ac498d1d9f3ddc33991a .av-image-caption-overlay-center{\ncolor:#ffffff;\n}\n<\/style>\n<div  class='avia-image-container av-21nmivw-f6202d0b92d2ac498d1d9f3ddc33991a av-styling- avia-align-center  avia-builder-el-40  avia-builder-el-no-sibling  av-has-copyright av-copyright-always'   itemprop=\"image\" itemscope=\"itemscope\" itemtype=\"https:\/\/schema.org\/ImageObject\" ><div class=\"avia-image-container-inner\"><div class=\"avia-image-overlay-wrap\"><img decoding=\"async\" class='wp-image-12590 avia-img-lazy-loading-not-12590 avia_image' src=\"https:\/\/hotel-am-sophienpark.de\/wp-content\/uploads\/2023\/05\/BB-D1802b-Kurparkmeeting-niedrig-845x684.jpg\" alt='' title='BB-D1802b-Kurparkmeeting - niedrig'  height=\"684\" width=\"845\"  itemprop=\"thumbnailUrl\" srcset=\"https:\/\/hotel-am-sophienpark.de\/wp-content\/uploads\/2023\/05\/BB-D1802b-Kurparkmeeting-niedrig-845x684.jpg 845w,  https:\/\/hotel-am-sophienpark.de\/wp-content\/uploads\/2023\/05\/BB-D1802b-Kurparkmeeting-niedrig-495x400.jpg 495w\" sizes=\"(max-width: 845px) 100vw, 845px\" \/><\/div><small class=\"avia-copyright\">Baden-Baden Kur- und Tourismus GmbH<\/small><\/div><\/div><\/div>\n<style type=\"text\/css\" data-created_by=\"avia_inline_auto\" id=\"style-css-av-1h6o6ak-5a46ac06db915d1470c3a5e4f6ba06e2\">\n.flex_column.av-1h6o6ak-5a46ac06db915d1470c3a5e4f6ba06e2{\npadding:15px 15px 15px 15px;\n}\n<\/style>\n<div  class='flex_column av-1h6o6ak-5a46ac06db915d1470c3a5e4f6ba06e2 av_one_half  avia-builder-el-41  el_after_av_one_half  avia-builder-el-last  flex_column_div'     ><p>\n<style type=\"text\/css\" data-created_by=\"avia_inline_auto\" id=\"style-css-av-g54gs-e02624cfa76808650d2ab88d120808ef\">\n#top .av-special-heading.av-g54gs-e02624cfa76808650d2ab88d120808ef{\nmargin:0 0 0 0;\npadding-bottom:0;\n}\nbody .av-special-heading.av-g54gs-e02624cfa76808650d2ab88d120808ef .av-special-heading-tag .heading-char{\nfont-size:25px;\n}\n.av-special-heading.av-g54gs-e02624cfa76808650d2ab88d120808ef .av-subheading{\nfont-size:40px;\n}\n<\/style>\n<div  class='av-special-heading av-g54gs-e02624cfa76808650d2ab88d120808ef av-special-heading-h2 blockquote modern-quote  avia-builder-el-42  el_before_av_textblock  avia-builder-el-first'><h2 class='av-special-heading-tag'  itemprop=\"headline\"  >KURPARK MEETING<\/h2><div class=\"special-heading-border\"><div class=\"special-heading-inner-border\"><\/div><\/div><\/div><br \/>\n<section  class='av_textblock_section av-ou2x3w-081ee9ea1fb36535626f10b205bedabb'   itemscope=\"itemscope\" itemtype=\"https:\/\/schema.org\/BlogPosting\" itemprop=\"blogPost\" ><div class='avia_textblock box_text'  itemprop=\"text\" ><h2>August 26 &#8211; September 3<\/h2>\n<p>Big races, big hats and in the evening an unforgettable Kurpark Meeting. During the day you fever with the racecourse in Iffezheim and in the evening you enjoy the beautiful ambience in the Kurpark. It&#8217;s race week in Baden-Baden again!<\/p>\n<p>With the white pagoda tents in front of the Kurhaus, the Kurgarten is transformed into a fantastic party and gourmet mile. Baden-Baden restaurateurs conjure up delicacies there and great bands play in the concert shell.<\/p>\n<p><strong>Friday, 26.08.<\/strong><\/p>\n<p>16-18 h: Summer Sands \/ 20-23 h: Groovin Affairs<\/p>\n<p><strong>Saturday, 27.08.<\/strong><\/p>\n<p>16-18.30 h: Michele Mahn &amp; Band \/ 20-23 h: Navio Passaro &amp; Band<\/p>\n<p><strong>Sunday, Aug. 28.<\/strong><\/p>\n<p>12-13.30 p.m.: Salon du Jazz \/ 14-15.30 p.m.: Acoustic Soul<\/p>\n<p>16-17.30 h: Room with music \/ 19-22 h: Rody Reyes &amp; Havana con class<\/p>\n<p><strong>Monday, Aug. 29.<\/strong><\/p>\n<p>16-17.30 h: Sabrina Burkard Trio \/ 19-22 h: The London Palladium Marvin Gaye Show<\/p>\n<p><strong>Tuesday, Aug. 30.<\/strong><\/p>\n<p>4-5.30 p.m.: TipToe Quartet \/ 7-10 p.m.: Eric Prinzinger<\/p>\n<p><strong>Wednesday, Aug. 31.<\/strong><\/p>\n<p>16-17.30 h: Magic Acoustic Guitars \/ 19-22 h: Cream of Clapton<\/p>\n<p><strong>Thursday, 01.09.<\/strong><\/p>\n<p>16-17.30 h: Suntears \/ 19-22 h: Cris Cosmo and Band<\/p>\n<p><strong>Friday, 02.09.<\/strong><\/p>\n<p>16-18 h: Strings Y Voz \/ 20-23 h: Kemi Cee &amp; Band<\/p>\n<p><strong>Saturday, 03.09.<\/strong><\/p>\n<p>16-18.30 h: 2cool \/ 20-23 h: PHIL the Genesis &amp; Phil Collins\u2019 tribute show<\/p>\n<p><strong>Sunday, 04.09.<\/strong><\/p>\n<p>12-13.30: HM Big Band \/ 14-15.30: Yanisha &amp; The Mama Said Band<\/p>\n<p>16-17.30 h: Acoustic Blend \/ 19-22 h: THE NEWS Symphonic<\/p>\n<\/div><\/section><\/p><\/div>\n\n<\/div><\/div><\/div><!-- close content main div --><\/div><\/div><div id='av_section_9'  class='avia-section av-1tigom4-e3f11458214e1312fcee8dd4da252978 main_color avia-section-default avia-no-border-styling  avia-builder-el-44  el_after_av_section  avia-builder-el-last  avia-bg-style-scroll container_wrap fullsize'  ><div class='container av-section-cont-open' ><div class='template-page content  av-content-full alpha units'><div class='post-entry post-entry-type-page post-entry-13034'><div class='entry-content-wrapper clearfix'>\n<div  class='flex_column av-16j0g2k-80c1ca30ee18b17d17341a643839dc20 av_one_half  avia-builder-el-45  el_before_av_one_half  avia-builder-el-first  first flex_column_div'     ><style type=\"text\/css\" data-created_by=\"avia_inline_auto\" id=\"style-css-av-ll3s31ay-ca5e022ab24c96565baa2b8366029ac8\">\n.avia-image-container.av-ll3s31ay-ca5e022ab24c96565baa2b8366029ac8 img.avia_image{\nbox-shadow:none;\n}\n.avia-image-container.av-ll3s31ay-ca5e022ab24c96565baa2b8366029ac8 .av-image-caption-overlay-center{\ncolor:#ffffff;\n}\n<\/style>\n<div  class='avia-image-container av-ll3s31ay-ca5e022ab24c96565baa2b8366029ac8 av-styling- avia-align-center  avia-builder-el-46  avia-builder-el-no-sibling'   itemprop=\"image\" itemscope=\"itemscope\" itemtype=\"https:\/\/schema.org\/ImageObject\" ><div class=\"avia-image-container-inner\"><div class=\"avia-image-overlay-wrap\"><img decoding=\"async\" class='wp-image-12994 avia-img-lazy-loading-not-12994 avia_image' src=\"https:\/\/hotel-am-sophienpark.de\/wp-content\/uploads\/2023\/08\/Galopp-c-Marc-Ruehl-845x684.jpg\" alt='Die Gro\u00dfe Woche auf der Galopprennbahn in Iffezheim bei Baden-Baden ist das Flagschiff des Pferderennsports. Begleitet wird der Event vom legend\u00e4ren kurpark Meeting vor dem Kurhaus Baden-Baden, 5 Minuten vom Hotel am Sophienpark entfernt' title='Galopp c Marc Ruehl'  height=\"684\" width=\"845\"  itemprop=\"thumbnailUrl\" srcset=\"https:\/\/hotel-am-sophienpark.de\/wp-content\/uploads\/2023\/08\/Galopp-c-Marc-Ruehl-845x684.jpg 845w,  https:\/\/hotel-am-sophienpark.de\/wp-content\/uploads\/2023\/08\/Galopp-c-Marc-Ruehl-495x400.jpg 495w\" sizes=\"(max-width: 845px) 100vw, 845px\" \/><\/div><\/div><\/div><\/div>\n<style type=\"text\/css\" data-created_by=\"avia_inline_auto\" id=\"style-css-av-kzcx5o-b2531041e073c90ce0382499721b01ba\">\n.flex_column.av-kzcx5o-b2531041e073c90ce0382499721b01ba{\npadding:15px 15px 15px 15px;\n}\n<\/style>\n<div  class='flex_column av-kzcx5o-b2531041e073c90ce0382499721b01ba av_one_half  avia-builder-el-47  el_after_av_one_half  avia-builder-el-last  flex_column_div'     ><p>\n<style type=\"text\/css\" data-created_by=\"avia_inline_auto\" id=\"style-css-av-ll3ryr37-88792d09f2066fee6a5202fbb301bdfa\">\n#top .av-special-heading.av-ll3ryr37-88792d09f2066fee6a5202fbb301bdfa{\nmargin:0 0 0 0;\npadding-bottom:0;\n}\nbody .av-special-heading.av-ll3ryr37-88792d09f2066fee6a5202fbb301bdfa .av-special-heading-tag .heading-char{\nfont-size:25px;\n}\n.av-special-heading.av-ll3ryr37-88792d09f2066fee6a5202fbb301bdfa .av-subheading{\nfont-size:40px;\n}\n<\/style>\n<div  class='av-special-heading av-ll3ryr37-88792d09f2066fee6a5202fbb301bdfa av-special-heading-h2 blockquote modern-quote  avia-builder-el-48  el_before_av_textblock  avia-builder-el-first'><h2 class='av-special-heading-tag'  itemprop=\"headline\"  >GRAND WEEK<\/h2><div class=\"special-heading-border\"><div class=\"special-heading-inner-border\"><\/div><\/div><\/div><br \/>\n<section  class='av_textblock_section av-ll3sd49b-a337c0dee25078ade3ccd9b915ed1592'   itemscope=\"itemscope\" itemtype=\"https:\/\/schema.org\/BlogPosting\" itemprop=\"blogPost\" ><div class='avia_textblock box_text'  itemprop=\"text\" ><h2>August 26 to September 3<\/h2>\n<p>The Grand Week at the racecourse in Iffezheim is the flagship of horse racing, a true legend. The &#8220;Grand Prix of Baden&#8221; has been held here since 1858. Everyone should have experienced this unique atmosphere when the noble racehorses are led onto the track early in the morning. More information is available at Baden Galopp here<\/p>\n<p><strong>Saturday, August 26<\/strong><\/p>\n<p>Opening of the course: 12 o&#8217;clock &#8211; Start of the 1st race: ca.13.30 o&#8217;clock<\/p>\n<p><strong>Sunday, August 27<\/strong><\/p>\n<p>Course opening: 10 a.m. &#8211; Start 1st race: approx.11.20 a.m.<\/p>\n<p><strong>Wednesday, August 30<\/strong><\/p>\n<p>Course opening: 10 a.m. &#8211; Start 1st race: approx.11.20 a.m.<\/p>\n<p><strong>Saturday, September 2<\/strong><\/p>\n<p>Course opening: 12 o&#8217;clock &#8211; Start 1st race: ca.13.30 o&#8217;clock<\/p>\n<p><strong>Sunday, September 3<\/strong><\/p>\n<p>Course opening: 10 a.m. &#8211; Start 1st race: approx.11.20 a.m.<\/p>\n<\/div><\/section><\/p><\/div>","protected":false},"excerpt":{"rendered":"","protected":false},"author":8,"featured_media":13013,"comment_status":"open","ping_status":"open","sticky":false,"template":"","format":"standard","meta":{"footnotes":""},"categories":[31],"tags":[],"class_list":["post-13034","post","type-post","status-publish","format-standard","has-post-thumbnail","hentry","category-blog"],"yoast_head":"<!-- This site is optimized with the Yoast SEO plugin v27.4 - https:\/\/yoast.com\/product\/yoast-seo-wordpress\/ -->\n<title>Late summer top tips - Hotel am Sophienpark<\/title>\n<meta name=\"description\" content=\"The late summer can be enjoyed at its best with culture, hikes, wine tastings and delicious food. The sun warms you up. Our tips \u27bc\" \/>\n<meta name=\"robots\" content=\"index, follow, max-snippet:-1, max-image-preview:large, max-video-preview:-1\" \/>\n<link rel=\"canonical\" href=\"https:\/\/hotel-am-sophienpark.de\/en\/2023\/08\/15\/late-summer\/\" \/>\n<meta property=\"og:locale\" content=\"en_US\" \/>\n<meta property=\"og:type\" content=\"article\" \/>\n<meta property=\"og:title\" content=\"Late summer top tips - Hotel am Sophienpark\" \/>\n<meta property=\"og:description\" content=\"The late summer can be enjoyed at its best with culture, hikes, wine tastings and delicious food. The sun warms you up. Our tips \u27bc\" \/>\n<meta property=\"og:url\" content=\"https:\/\/hotel-am-sophienpark.de\/en\/2023\/08\/15\/late-summer\/\" \/>\n<meta property=\"og:site_name\" content=\"Hotel am Sophienpark\" \/>\n<meta property=\"article:published_time\" content=\"2023-08-15T13:52:30+00:00\" \/>\n<meta property=\"article:modified_time\" content=\"2023-09-11T13:14:14+00:00\" \/>\n<meta property=\"og:image\" content=\"https:\/\/hotel-am-sophienpark.de\/wp-content\/uploads\/2023\/08\/Festspielhaus-Baden-Baden_c-ChristianGrund-4.jpg\" \/>\n\t<meta property=\"og:image:width\" content=\"2000\" \/>\n\t<meta property=\"og:image:height\" content=\"1334\" \/>\n\t<meta property=\"og:image:type\" content=\"image\/jpeg\" \/>\n<meta name=\"author\" content=\"elisabethHAS\" \/>\n<meta name=\"twitter:card\" content=\"summary_large_image\" \/>\n<meta name=\"twitter:label1\" content=\"Written by\" \/>\n\t<meta name=\"twitter:data1\" content=\"elisabethHAS\" \/>\n\t<meta name=\"twitter:label2\" content=\"Est. reading time\" \/>\n\t<meta name=\"twitter:data2\" content=\"20 minutes\" \/>\n<script type=\"application\/ld+json\" class=\"yoast-schema-graph\">{\"@context\":\"https:\\\/\\\/schema.org\",\"@graph\":[{\"@type\":\"Article\",\"@id\":\"https:\\\/\\\/hotel-am-sophienpark.de\\\/en\\\/2023\\\/08\\\/15\\\/late-summer\\\/#article\",\"isPartOf\":{\"@id\":\"https:\\\/\\\/hotel-am-sophienpark.de\\\/en\\\/2023\\\/08\\\/15\\\/late-summer\\\/\"},\"author\":{\"name\":\"elisabethHAS\",\"@id\":\"\\\/#\\\/schema\\\/person\\\/2229f90227a01d40e3080f5f855bd2be\"},\"headline\":\"Our top recommendations for september\",\"datePublished\":\"2023-08-15T13:52:30+00:00\",\"dateModified\":\"2023-09-11T13:14:14+00:00\",\"mainEntityOfPage\":{\"@id\":\"https:\\\/\\\/hotel-am-sophienpark.de\\\/en\\\/2023\\\/08\\\/15\\\/late-summer\\\/\"},\"wordCount\":8717,\"commentCount\":0,\"publisher\":{\"@id\":\"\\\/#organization\"},\"image\":{\"@id\":\"https:\\\/\\\/hotel-am-sophienpark.de\\\/en\\\/2023\\\/08\\\/15\\\/late-summer\\\/#primaryimage\"},\"thumbnailUrl\":\"https:\\\/\\\/hotel-am-sophienpark.de\\\/wp-content\\\/uploads\\\/2023\\\/08\\\/Festspielhaus-Baden-Baden_c-ChristianGrund-4.jpg\",\"articleSection\":[\"Blog\"],\"inLanguage\":\"en-US\",\"potentialAction\":[{\"@type\":\"CommentAction\",\"name\":\"Comment\",\"target\":[\"https:\\\/\\\/hotel-am-sophienpark.de\\\/en\\\/2023\\\/08\\\/15\\\/late-summer\\\/#respond\"]}]},{\"@type\":\"WebPage\",\"@id\":\"https:\\\/\\\/hotel-am-sophienpark.de\\\/en\\\/2023\\\/08\\\/15\\\/late-summer\\\/\",\"url\":\"https:\\\/\\\/hotel-am-sophienpark.de\\\/en\\\/2023\\\/08\\\/15\\\/late-summer\\\/\",\"name\":\"Late summer top tips - Hotel am Sophienpark\",\"isPartOf\":{\"@id\":\"\\\/#website\"},\"primaryImageOfPage\":{\"@id\":\"https:\\\/\\\/hotel-am-sophienpark.de\\\/en\\\/2023\\\/08\\\/15\\\/late-summer\\\/#primaryimage\"},\"image\":{\"@id\":\"https:\\\/\\\/hotel-am-sophienpark.de\\\/en\\\/2023\\\/08\\\/15\\\/late-summer\\\/#primaryimage\"},\"thumbnailUrl\":\"https:\\\/\\\/hotel-am-sophienpark.de\\\/wp-content\\\/uploads\\\/2023\\\/08\\\/Festspielhaus-Baden-Baden_c-ChristianGrund-4.jpg\",\"datePublished\":\"2023-08-15T13:52:30+00:00\",\"dateModified\":\"2023-09-11T13:14:14+00:00\",\"description\":\"The late summer can be enjoyed at its best with culture, hikes, wine tastings and delicious food. The sun warms you up. Our tips \u27bc\",\"breadcrumb\":{\"@id\":\"https:\\\/\\\/hotel-am-sophienpark.de\\\/en\\\/2023\\\/08\\\/15\\\/late-summer\\\/#breadcrumb\"},\"inLanguage\":\"en-US\",\"potentialAction\":[{\"@type\":\"ReadAction\",\"target\":[\"https:\\\/\\\/hotel-am-sophienpark.de\\\/en\\\/2023\\\/08\\\/15\\\/late-summer\\\/\"]}]},{\"@type\":\"ImageObject\",\"inLanguage\":\"en-US\",\"@id\":\"https:\\\/\\\/hotel-am-sophienpark.de\\\/en\\\/2023\\\/08\\\/15\\\/late-summer\\\/#primaryimage\",\"url\":\"https:\\\/\\\/hotel-am-sophienpark.de\\\/wp-content\\\/uploads\\\/2023\\\/08\\\/Festspielhaus-Baden-Baden_c-ChristianGrund-4.jpg\",\"contentUrl\":\"https:\\\/\\\/hotel-am-sophienpark.de\\\/wp-content\\\/uploads\\\/2023\\\/08\\\/Festspielhaus-Baden-Baden_c-ChristianGrund-4.jpg\",\"width\":2000,\"height\":1334,\"caption\":\"Das Festspielhaus Baden-Baden beginnt den herbst mit dem New Pop Festival und dem tanzfestival von John Neumeier\"},{\"@type\":\"BreadcrumbList\",\"@id\":\"https:\\\/\\\/hotel-am-sophienpark.de\\\/en\\\/2023\\\/08\\\/15\\\/late-summer\\\/#breadcrumb\",\"itemListElement\":[{\"@type\":\"ListItem\",\"position\":1,\"name\":\"Startseite\",\"item\":\"https:\\\/\\\/hotel-am-sophienpark.de\\\/en\\\/home\\\/\"},{\"@type\":\"ListItem\",\"position\":2,\"name\":\"Our top recommendations for september\"}]},{\"@type\":\"WebSite\",\"@id\":\"\\\/#website\",\"url\":\"\\\/\",\"name\":\"Hotel am Sophienpark\",\"description\":\"4 star hotel central in Baden-Baden\",\"publisher\":{\"@id\":\"\\\/#organization\"},\"potentialAction\":[{\"@type\":\"SearchAction\",\"target\":{\"@type\":\"EntryPoint\",\"urlTemplate\":\"\\\/?s={search_term_string}\"},\"query-input\":{\"@type\":\"PropertyValueSpecification\",\"valueRequired\":true,\"valueName\":\"search_term_string\"}}],\"inLanguage\":\"en-US\"},{\"@type\":\"Organization\",\"@id\":\"\\\/#organization\",\"name\":\"Hotel am Sophienpark\",\"url\":\"\\\/\",\"logo\":{\"@type\":\"ImageObject\",\"inLanguage\":\"en-US\",\"@id\":\"\\\/#\\\/schema\\\/logo\\\/image\\\/\",\"url\":\"https:\\\/\\\/hotel-am-sophienpark.de\\\/wp-content\\\/uploads\\\/2021\\\/11\\\/hs-logo-schwarz.png\",\"contentUrl\":\"https:\\\/\\\/hotel-am-sophienpark.de\\\/wp-content\\\/uploads\\\/2021\\\/11\\\/hs-logo-schwarz.png\",\"width\":1200,\"height\":330,\"caption\":\"Hotel am Sophienpark\"},\"image\":{\"@id\":\"\\\/#\\\/schema\\\/logo\\\/image\\\/\"}},{\"@type\":\"Person\",\"@id\":\"\\\/#\\\/schema\\\/person\\\/2229f90227a01d40e3080f5f855bd2be\",\"name\":\"elisabethHAS\",\"image\":{\"@type\":\"ImageObject\",\"inLanguage\":\"en-US\",\"@id\":\"https:\\\/\\\/secure.gravatar.com\\\/avatar\\\/a4ceaf3b4ff7223bd87d1f6b4140e60adf497b18e6fc3d8d22423c659072781d?s=96&d=mm&r=g\",\"url\":\"https:\\\/\\\/secure.gravatar.com\\\/avatar\\\/a4ceaf3b4ff7223bd87d1f6b4140e60adf497b18e6fc3d8d22423c659072781d?s=96&d=mm&r=g\",\"contentUrl\":\"https:\\\/\\\/secure.gravatar.com\\\/avatar\\\/a4ceaf3b4ff7223bd87d1f6b4140e60adf497b18e6fc3d8d22423c659072781d?s=96&d=mm&r=g\",\"caption\":\"elisabethHAS\"}}]}<\/script>\n<!-- \/ Yoast SEO plugin. -->","yoast_head_json":{"title":"Late summer top tips - Hotel am Sophienpark","description":"The late summer can be enjoyed at its best with culture, hikes, wine tastings and delicious food. The sun warms you up. Our tips \u27bc","robots":{"index":"index","follow":"follow","max-snippet":"max-snippet:-1","max-image-preview":"max-image-preview:large","max-video-preview":"max-video-preview:-1"},"canonical":"https:\/\/hotel-am-sophienpark.de\/en\/2023\/08\/15\/late-summer\/","og_locale":"en_US","og_type":"article","og_title":"Late summer top tips - Hotel am Sophienpark","og_description":"The late summer can be enjoyed at its best with culture, hikes, wine tastings and delicious food. The sun warms you up. Our tips \u27bc","og_url":"https:\/\/hotel-am-sophienpark.de\/en\/2023\/08\/15\/late-summer\/","og_site_name":"Hotel am Sophienpark","article_published_time":"2023-08-15T13:52:30+00:00","article_modified_time":"2023-09-11T13:14:14+00:00","og_image":[{"width":2000,"height":1334,"url":"https:\/\/hotel-am-sophienpark.de\/wp-content\/uploads\/2023\/08\/Festspielhaus-Baden-Baden_c-ChristianGrund-4.jpg","type":"image\/jpeg"}],"author":"elisabethHAS","twitter_card":"summary_large_image","twitter_misc":{"Written by":"elisabethHAS","Est. reading time":"20 minutes"},"schema":{"@context":"https:\/\/schema.org","@graph":[{"@type":"Article","@id":"https:\/\/hotel-am-sophienpark.de\/en\/2023\/08\/15\/late-summer\/#article","isPartOf":{"@id":"https:\/\/hotel-am-sophienpark.de\/en\/2023\/08\/15\/late-summer\/"},"author":{"name":"elisabethHAS","@id":"\/#\/schema\/person\/2229f90227a01d40e3080f5f855bd2be"},"headline":"Our top recommendations for september","datePublished":"2023-08-15T13:52:30+00:00","dateModified":"2023-09-11T13:14:14+00:00","mainEntityOfPage":{"@id":"https:\/\/hotel-am-sophienpark.de\/en\/2023\/08\/15\/late-summer\/"},"wordCount":8717,"commentCount":0,"publisher":{"@id":"\/#organization"},"image":{"@id":"https:\/\/hotel-am-sophienpark.de\/en\/2023\/08\/15\/late-summer\/#primaryimage"},"thumbnailUrl":"https:\/\/hotel-am-sophienpark.de\/wp-content\/uploads\/2023\/08\/Festspielhaus-Baden-Baden_c-ChristianGrund-4.jpg","articleSection":["Blog"],"inLanguage":"en-US","potentialAction":[{"@type":"CommentAction","name":"Comment","target":["https:\/\/hotel-am-sophienpark.de\/en\/2023\/08\/15\/late-summer\/#respond"]}]},{"@type":"WebPage","@id":"https:\/\/hotel-am-sophienpark.de\/en\/2023\/08\/15\/late-summer\/","url":"https:\/\/hotel-am-sophienpark.de\/en\/2023\/08\/15\/late-summer\/","name":"Late summer top tips - Hotel am Sophienpark","isPartOf":{"@id":"\/#website"},"primaryImageOfPage":{"@id":"https:\/\/hotel-am-sophienpark.de\/en\/2023\/08\/15\/late-summer\/#primaryimage"},"image":{"@id":"https:\/\/hotel-am-sophienpark.de\/en\/2023\/08\/15\/late-summer\/#primaryimage"},"thumbnailUrl":"https:\/\/hotel-am-sophienpark.de\/wp-content\/uploads\/2023\/08\/Festspielhaus-Baden-Baden_c-ChristianGrund-4.jpg","datePublished":"2023-08-15T13:52:30+00:00","dateModified":"2023-09-11T13:14:14+00:00","description":"The late summer can be enjoyed at its best with culture, hikes, wine tastings and delicious food. The sun warms you up. Our tips \u27bc","breadcrumb":{"@id":"https:\/\/hotel-am-sophienpark.de\/en\/2023\/08\/15\/late-summer\/#breadcrumb"},"inLanguage":"en-US","potentialAction":[{"@type":"ReadAction","target":["https:\/\/hotel-am-sophienpark.de\/en\/2023\/08\/15\/late-summer\/"]}]},{"@type":"ImageObject","inLanguage":"en-US","@id":"https:\/\/hotel-am-sophienpark.de\/en\/2023\/08\/15\/late-summer\/#primaryimage","url":"https:\/\/hotel-am-sophienpark.de\/wp-content\/uploads\/2023\/08\/Festspielhaus-Baden-Baden_c-ChristianGrund-4.jpg","contentUrl":"https:\/\/hotel-am-sophienpark.de\/wp-content\/uploads\/2023\/08\/Festspielhaus-Baden-Baden_c-ChristianGrund-4.jpg","width":2000,"height":1334,"caption":"Das Festspielhaus Baden-Baden beginnt den herbst mit dem New Pop Festival und dem tanzfestival von John Neumeier"},{"@type":"BreadcrumbList","@id":"https:\/\/hotel-am-sophienpark.de\/en\/2023\/08\/15\/late-summer\/#breadcrumb","itemListElement":[{"@type":"ListItem","position":1,"name":"Startseite","item":"https:\/\/hotel-am-sophienpark.de\/en\/home\/"},{"@type":"ListItem","position":2,"name":"Our top recommendations for september"}]},{"@type":"WebSite","@id":"\/#website","url":"\/","name":"Hotel am Sophienpark","description":"4 star hotel central in Baden-Baden","publisher":{"@id":"\/#organization"},"potentialAction":[{"@type":"SearchAction","target":{"@type":"EntryPoint","urlTemplate":"\/?s={search_term_string}"},"query-input":{"@type":"PropertyValueSpecification","valueRequired":true,"valueName":"search_term_string"}}],"inLanguage":"en-US"},{"@type":"Organization","@id":"\/#organization","name":"Hotel am Sophienpark","url":"\/","logo":{"@type":"ImageObject","inLanguage":"en-US","@id":"\/#\/schema\/logo\/image\/","url":"https:\/\/hotel-am-sophienpark.de\/wp-content\/uploads\/2021\/11\/hs-logo-schwarz.png","contentUrl":"https:\/\/hotel-am-sophienpark.de\/wp-content\/uploads\/2021\/11\/hs-logo-schwarz.png","width":1200,"height":330,"caption":"Hotel am Sophienpark"},"image":{"@id":"\/#\/schema\/logo\/image\/"}},{"@type":"Person","@id":"\/#\/schema\/person\/2229f90227a01d40e3080f5f855bd2be","name":"elisabethHAS","image":{"@type":"ImageObject","inLanguage":"en-US","@id":"https:\/\/secure.gravatar.com\/avatar\/a4ceaf3b4ff7223bd87d1f6b4140e60adf497b18e6fc3d8d22423c659072781d?s=96&d=mm&r=g","url":"https:\/\/secure.gravatar.com\/avatar\/a4ceaf3b4ff7223bd87d1f6b4140e60adf497b18e6fc3d8d22423c659072781d?s=96&d=mm&r=g","contentUrl":"https:\/\/secure.gravatar.com\/avatar\/a4ceaf3b4ff7223bd87d1f6b4140e60adf497b18e6fc3d8d22423c659072781d?s=96&d=mm&r=g","caption":"elisabethHAS"}}]}},"_links":{"self":[{"href":"https:\/\/hotel-am-sophienpark.de\/en\/wp-json\/wp\/v2\/posts\/13034","targetHints":{"allow":["GET"]}}],"collection":[{"href":"https:\/\/hotel-am-sophienpark.de\/en\/wp-json\/wp\/v2\/posts"}],"about":[{"href":"https:\/\/hotel-am-sophienpark.de\/en\/wp-json\/wp\/v2\/types\/post"}],"author":[{"embeddable":true,"href":"https:\/\/hotel-am-sophienpark.de\/en\/wp-json\/wp\/v2\/users\/8"}],"replies":[{"embeddable":true,"href":"https:\/\/hotel-am-sophienpark.de\/en\/wp-json\/wp\/v2\/comments?post=13034"}],"version-history":[{"count":10,"href":"https:\/\/hotel-am-sophienpark.de\/en\/wp-json\/wp\/v2\/posts\/13034\/revisions"}],"predecessor-version":[{"id":13131,"href":"https:\/\/hotel-am-sophienpark.de\/en\/wp-json\/wp\/v2\/posts\/13034\/revisions\/13131"}],"wp:featuredmedia":[{"embeddable":true,"href":"https:\/\/hotel-am-sophienpark.de\/en\/wp-json\/wp\/v2\/media\/13013"}],"wp:attachment":[{"href":"https:\/\/hotel-am-sophienpark.de\/en\/wp-json\/wp\/v2\/media?parent=13034"}],"wp:term":[{"taxonomy":"category","embeddable":true,"href":"https:\/\/hotel-am-sophienpark.de\/en\/wp-json\/wp\/v2\/categories?post=13034"},{"taxonomy":"post_tag","embeddable":true,"href":"https:\/\/hotel-am-sophienpark.de\/en\/wp-json\/wp\/v2\/tags?post=13034"}],"curies":[{"name":"wp","href":"https:\/\/api.w.org\/{rel}","templated":true}]}}